{"id":609,"date":"2013-03-05T07:53:44","date_gmt":"2013-03-05T06:53:44","guid":{"rendered":"http:\/\/wp2.ebg-schoenberg.com\/?p=609"},"modified":"2023-07-12T14:11:44","modified_gmt":"2023-07-12T12:11:44","slug":"streik-am-06-03-2013","status":"publish","type":"post","link":"https:\/\/ebg-schoenberg.com\/?p=609","title":{"rendered":"Streik am 06.03.2013"},"content":{"rendered":"<p>Sehr geehrte Eltern, liebe Sch\u00fclerinnen und Sch\u00fcler,<\/p>\n<p>am morgigen Mittwoch wird es im Rahmen der Warnstreiks im \u00f6ffentlichen Dienst wieder\u00a0zu einer Gro\u00dfveranstaltung der Gewerkschaften in Schwerin kommen. Auch einige Kolleginnen und Kollegen unserer Schule werden an diesem Tag ihr Streikrecht wahrnehmen und an dieser Veranstaltung teilnehmen.<\/p>\n<p>Im Rahmen des Streiks und krankheitsbedingter Ausf\u00e4lle wird es an der Schule \u00a0zu Stundenver\u00e4nderungen kommen, die dem Vertretungsplan entnommen werden k\u00f6nnen.<br \/>\nDiese Ver\u00e4nderungen bewirken, dass eine Klasse mit Stillarbeit zu Hause arbeiten wird und weitere Klassen verk\u00fcrzten Unterricht haben werden.<\/p>\n<p>Insgesamt findet jedoch der Unterricht f\u00fcr den Gro\u00dfteil der Klassen weitestgehend normal\u00a0statt.<\/p>\n<p>&nbsp;<\/p>\n","protected":false},"excerpt":{"rendered":"<p>Sehr geehrte Eltern, liebe Sch\u00fclerinnen und Sch\u00fcler, am morgigen Mittwoch wird es im Rahmen der Warnstreiks im \u00f6ffentlichen Dienst wieder\u00a0zu einer Gro\u00dfveranstaltung der Gewerkschaften in Schwerin kommen. Auch einige Kolleginnen und Kollegen unserer Schule werden an diesem Tag ihr Streikrecht wahrnehmen und an dieser Veranstaltung teilnehmen. Im Rahmen des Streiks und krankheitsbedingter Ausf\u00e4lle wird es&#46;&#46;&#46;<\/p>\n","protected":false},"author":1,"featured_media":0,"comment_status":"closed","ping_status":"closed","sticky":false,"template":"","format":"standard","meta":{"footnotes":""},"categories":[1],"tags":[],"class_list":["post-609","post","type-post","status-publish","format-standard","hentry","category-allgemeines"],"_links":{"self":[{"href":"https:\/\/ebg-schoenberg.com\/index.php?rest_route=\/wp\/v2\/posts\/609","targetHints":{"allow":["GET"]}}],"collection":[{"href":"https:\/\/ebg-schoenberg.com\/index.php?rest_route=\/wp\/v2\/posts"}],"about":[{"href":"https:\/\/ebg-schoenberg.com\/index.php?rest_route=\/wp\/v2\/types\/post"}],"author":[{"embeddable":true,"href":"https:\/\/ebg-schoenberg.com\/index.php?rest_route=\/wp\/v2\/users\/1"}],"replies":[{"embeddable":true,"href":"https:\/\/ebg-schoenberg.com\/index.php?rest_route=%2Fwp%2Fv2%2Fcomments&post=609"}],"version-history":[{"count":6,"href":"https:\/\/ebg-schoenberg.com\/index.php?rest_route=\/wp\/v2\/posts\/609\/revisions"}],"predecessor-version":[{"id":615,"href":"https:\/\/ebg-schoenberg.com\/index.php?rest_route=\/wp\/v2\/posts\/609\/revisions\/615"}],"wp:attachment":[{"href":"https:\/\/ebg-schoenberg.com\/index.php?rest_route=%2Fwp%2Fv2%2Fmedia&parent=609"}],"wp:term":[{"taxonomy":"category","embeddable":true,"href":"https:\/\/ebg-schoenberg.com\/index.php?rest_route=%2Fwp%2Fv2%2Fcategories&post=609"},{"taxonomy":"post_tag","embeddable":true,"href":"https:\/\/ebg-schoenberg.com\/index.php?rest_route=%2Fwp%2Fv2%2Ftags&post=609"}],"curies":[{"name":"wp","href":"https:\/\/api.w.org\/{rel}","templated":true}]}}