{"id":591,"date":"2013-02-21T19:48:23","date_gmt":"2013-02-21T18:48:23","guid":{"rendered":"http:\/\/wp2.ebg-schoenberg.com\/?p=591"},"modified":"2023-07-12T14:11:54","modified_gmt":"2023-07-12T12:11:54","slug":"streik-der-gew-am-25-02-13","status":"publish","type":"post","link":"https:\/\/ebg-schoenberg.com\/?p=591","title":{"rendered":"Streik der GEW am 25.02.13"},"content":{"rendered":"<p>Sehr geehrte Eltern, liebe Sch\u00fclerinnen und Sch\u00fcler,<\/p>\n<p>am kommenden Montag findet im Rahmen der Warnstreiks im \u00f6ffentlichen Dienst eine Gro\u00dfveranstaltung der Gewerkschaft in Schwerin statt. Einige Kolleginnen und Kollegen werden an diesem Tag ihr Streikrecht wahrnehmen und an dieser Veranstaltung teilnehmen.<\/p>\n<p>Im Rahmen des Streiks wird es an der Schule nur vereinzelt zu Stundenausf\u00e4llen kommen. Insgesamt wird f\u00fcr alle Klassen der Unterricht entsprechend des Stundenplans durchgef\u00fchrt. M\u00f6gliche Ver\u00e4nderungen an diesem Tag sind dem aktuellen Vertretungsplan zu entnehmen.<\/p>\n<p>Weiterhin wird es auf Grund der Klassenfahrten der Klassen 7a und 8a sowie der Betreuung dieser Fahrten durch mehrere Kollegen ebenfalls zu Ver\u00e4nderungen im Laufe der gesamten Woche kommen. Auch hier k\u00f6nnen die jeweils aktuellen Hinweise dem Vertretungsplan entnommen werden.<\/p>\n<p>&nbsp;<\/p>\n","protected":false},"excerpt":{"rendered":"<p>Sehr geehrte Eltern, liebe Sch\u00fclerinnen und Sch\u00fcler, am kommenden Montag findet im Rahmen der Warnstreiks im \u00f6ffentlichen Dienst eine Gro\u00dfveranstaltung der Gewerkschaft in Schwerin statt. Einige Kolleginnen und Kollegen werden an diesem Tag ihr Streikrecht wahrnehmen und an dieser Veranstaltung teilnehmen. Im Rahmen des Streiks wird es an der Schule nur vereinzelt zu Stundenausf\u00e4llen kommen.&#46;&#46;&#46;<\/p>\n","protected":false},"author":1,"featured_media":0,"comment_status":"closed","ping_status":"closed","sticky":false,"template":"","format":"standard","meta":{"footnotes":""},"categories":[1],"tags":[],"class_list":["post-591","post","type-post","status-publish","format-standard","hentry","category-allgemeines"],"_links":{"self":[{"href":"https:\/\/ebg-schoenberg.com\/index.php?rest_route=\/wp\/v2\/posts\/591","targetHints":{"allow":["GET"]}}],"collection":[{"href":"https:\/\/ebg-schoenberg.com\/index.php?rest_route=\/wp\/v2\/posts"}],"about":[{"href":"https:\/\/ebg-schoenberg.com\/index.php?rest_route=\/wp\/v2\/types\/post"}],"author":[{"embeddable":true,"href":"https:\/\/ebg-schoenberg.com\/index.php?rest_route=\/wp\/v2\/users\/1"}],"replies":[{"embeddable":true,"href":"https:\/\/ebg-schoenberg.com\/index.php?rest_route=%2Fwp%2Fv2%2Fcomments&post=591"}],"version-history":[{"count":4,"href":"https:\/\/ebg-schoenberg.com\/index.php?rest_route=\/wp\/v2\/posts\/591\/revisions"}],"predecessor-version":[{"id":13632,"href":"https:\/\/ebg-schoenberg.com\/index.php?rest_route=\/wp\/v2\/posts\/591\/revisions\/13632"}],"wp:attachment":[{"href":"https:\/\/ebg-schoenberg.com\/index.php?rest_route=%2Fwp%2Fv2%2Fmedia&parent=591"}],"wp:term":[{"taxonomy":"category","embeddable":true,"href":"https:\/\/ebg-schoenberg.com\/index.php?rest_route=%2Fwp%2Fv2%2Fcategories&post=591"},{"taxonomy":"post_tag","embeddable":true,"href":"https:\/\/ebg-schoenberg.com\/index.php?rest_route=%2Fwp%2Fv2%2Ftags&post=591"}],"curies":[{"name":"wp","href":"https:\/\/api.w.org\/{rel}","templated":true}]}}