{"id":13372,"date":"2023-01-13T14:12:35","date_gmt":"2023-01-13T13:12:35","guid":{"rendered":"https:\/\/ebg-schoenberg.com\/?p=13372"},"modified":"2023-07-12T13:54:18","modified_gmt":"2023-07-12T11:54:18","slug":"das-ebg-zeigt-flagge","status":"publish","type":"post","link":"https:\/\/ebg-schoenberg.com\/?p=13372","title":{"rendered":"Das EBG zeigt Flagge"},"content":{"rendered":"\n<p>Am Mittwoch, den 11.1.2023 wurde vor unserer Schule eine Regenbogenflagge gehisst. Begleitet von vielen neugierigen Augen zog Herr Nadolny die Fahne in die H\u00f6he. Anschlie\u00dfend fanden zwei kurze Ansprachen von Herrn Barth und Frau Golla statt, in denen auf die Verpflichtung zu Toleranz und aktivem Handeln hingewiesen wurde, die sich aus unserem offiziellen Status als \u201eSchule ohne Rassismus \u2013 Schule mit Courage\u201c ergibt. Das EBG ist stolz darauf, dass unter ma\u00dfgeblicher Beteiligung von Sch\u00fcler*innen unseres Gymnasiums das Projekt \u201eRegenbogenfahne\u201c ins Leben gerufen wurde. Nach der \u00dcberwindung einiger b\u00fcrokratischer H\u00fcrden war es endlich so weit: F\u00fcr drei Tage setzte das EBG dieses Zeichen der Toleranz. Leider ist eine dauerhafte Beflaggung rechtlich nicht zul\u00e4ssig, so dass die Schule in Zukunft Anl\u00e4sse definieren wird, die ein vor\u00fcbergehendes Hissen erlauben.<\/p>\n\n\n\n<p>M. H\u00f6ners<\/p>\n\n\n\n<figure class=\"wp-block-image size-full is-resized is-style-default\"><img loading=\"lazy\" decoding=\"async\" src=\"https:\/\/ebg-schoenberg.com\/wp-content\/uploads\/2023\/01\/20230111_112308-scaled.jpg\" alt=\"\" class=\"wp-image-13375\" width=\"311\" height=\"640\" srcset=\"https:\/\/ebg-schoenberg.com\/wp-content\/uploads\/2023\/01\/20230111_112308-scaled.jpg 1244w, https:\/\/ebg-schoenberg.com\/wp-content\/uploads\/2023\/01\/20230111_112308-768x1580.jpg 768w, https:\/\/ebg-schoenberg.com\/wp-content\/uploads\/2023\/01\/20230111_112308-747x1536.jpg 747w, https:\/\/ebg-schoenberg.com\/wp-content\/uploads\/2023\/01\/20230111_112308-996x2048.jpg 996w\" sizes=\"auto, (max-width: 311px) 100vw, 311px\" \/><\/figure>\n","protected":false},"excerpt":{"rendered":"<p>Am Mittwoch, den 11.1.2023 wurde vor unserer Schule eine Regenbogenflagge gehisst. Begleitet von vielen neugierigen Augen zog Herr Nadolny die Fahne in die H\u00f6he. Anschlie\u00dfend fanden zwei kurze Ansprachen von Herrn Barth und Frau Golla statt, in denen auf die Verpflichtung zu Toleranz und aktivem Handeln hingewiesen wurde, die sich aus unserem offiziellen Status als&#46;&#46;&#46;<\/p>\n","protected":false},"author":9,"featured_media":0,"comment_status":"closed","ping_status":"closed","sticky":false,"template":"","format":"standard","meta":{"footnotes":""},"categories":[1],"tags":[],"class_list":["post-13372","post","type-post","status-publish","format-standard","hentry","category-allgemeines"],"_links":{"self":[{"href":"https:\/\/ebg-schoenberg.com\/index.php?rest_route=\/wp\/v2\/posts\/13372","targetHints":{"allow":["GET"]}}],"collection":[{"href":"https:\/\/ebg-schoenberg.com\/index.php?rest_route=\/wp\/v2\/posts"}],"about":[{"href":"https:\/\/ebg-schoenberg.com\/index.php?rest_route=\/wp\/v2\/types\/post"}],"author":[{"embeddable":true,"href":"https:\/\/ebg-schoenberg.com\/index.php?rest_route=\/wp\/v2\/users\/9"}],"replies":[{"embeddable":true,"href":"https:\/\/ebg-schoenberg.com\/index.php?rest_route=%2Fwp%2Fv2%2Fcomments&post=13372"}],"version-history":[{"count":2,"href":"https:\/\/ebg-schoenberg.com\/index.php?rest_route=\/wp\/v2\/posts\/13372\/revisions"}],"predecessor-version":[{"id":13376,"href":"https:\/\/ebg-schoenberg.com\/index.php?rest_route=\/wp\/v2\/posts\/13372\/revisions\/13376"}],"wp:attachment":[{"href":"https:\/\/ebg-schoenberg.com\/index.php?rest_route=%2Fwp%2Fv2%2Fmedia&parent=13372"}],"wp:term":[{"taxonomy":"category","embeddable":true,"href":"https:\/\/ebg-schoenberg.com\/index.php?rest_route=%2Fwp%2Fv2%2Fcategories&post=13372"},{"taxonomy":"post_tag","embeddable":true,"href":"https:\/\/ebg-schoenberg.com\/index.php?rest_route=%2Fwp%2Fv2%2Ftags&post=13372"}],"curies":[{"name":"wp","href":"https:\/\/api.w.org\/{rel}","templated":true}]}}